{"provider_url": "https://www.cacoal.ro.leg.br", "title": "LGPD", "html": "<h2 style=\"text-align:center; \">A LEI GERAL DE PROTE\u00c7\u00c3O DE DADOS (LGPD) NA C\u00c2MARA DE CACOAL</h2>\r\n<div class=\"lgpd-wrap\">\r\n<div class=\"lgpd-left\">\r\n<p>Voc\u00ea j\u00e1 ouviu a express\u00e3o LGPD? Provavelmente sim! Nos \u00faltimos anos, a sigla que identifica a <strong>Lei Geral de Prote\u00e7\u00e3o de Dados Pessoais</strong> passou a estar mais presente no dia a dia das pessoas. E n\u00e3o \u00e9 para menos\u2026com o aumento no uso da internet e dos mais variados dispositivos eletr\u00f4nicos, especialmente os smartphones e aplicativos, os dados das pessoas passaram a ter cada vez mais valor, principalmente para as empresas.</p>\r\n<p>Nesse sentido, alinhado a padr\u00f5es internacionais, foi que o Brasil elaborou a <strong>lei 13.709/2018</strong>, a LGPD. De uma maneira simplificada, \u00e9 poss\u00edvel afirmar que a norma federal foi criada para proteger a privacidade das pessoas e garantir que seus dados pessoais sejam usados de maneira segura e respons\u00e1vel.</p>\r\n<p><strong>Outros pontos essenciais que a LGPD pretende garantir:</strong></p>\r\n<ul>\r\n<li><strong>Privacidade e Seguran\u00e7a</strong><strong>:</strong> para proteger a privacidade dos indiv\u00edduos e garantir que seus dados pessoais n\u00e3o sejam usados de forma indevida ou sem autoriza\u00e7\u00e3o.</li>\r\n<li><strong>Controle dos Dados</strong><strong>:</strong> para dar \u00e0s pessoas mais controle sobre como suas informa\u00e7\u00f5es pessoais s\u00e3o coletadas, usadas, e compartilhadas.</li>\r\n<li><strong>Transpar\u00eancia</strong><strong>:</strong> para exigir que empresas e organiza\u00e7\u00f5es sejam claras sobre como utilizam os dados pessoais, informando de forma transparente aos indiv\u00edduos.</li>\r\n<li><strong>Responsabilidade</strong><strong>:</strong> para assegurar que as empresas e organiza\u00e7\u00f5es sejam respons\u00e1veis pela prote\u00e7\u00e3o dos dados pessoais, tomando medidas adequadas para evitar vazamentos e usos indevidos.</li>\r\n<li><strong>Direitos dos Indiv\u00edduos</strong><strong>:</strong> para garantir que as pessoas tenham direitos sobre seus dados, como o direito de acessar, corrigir, ou excluir suas informa\u00e7\u00f5es pessoais.</li>\r\n<li><strong>Padr\u00e3o Internacional</strong><strong>:</strong> para alinhar o Brasil com as pr\u00e1ticas internacionais de prote\u00e7\u00e3o de dados, facilitando neg\u00f3cios e rela\u00e7\u00f5es com outros pa\u00edses que tamb\u00e9m t\u00eam leis semelhantes.</li>\r\n</ul>\r\n<p>A LGPD vale para todo o pa\u00eds, inclusive para os \u00f3rg\u00e3os p\u00fablicos. <strong>Dessa forma, a C\u00e2mara Municipal de Cacoal tamb\u00e9m precisa cumpri-la.</strong></p>\r\n<p><strong>Encarregado do tratamento de dados pessoais:</strong></p>\r\n<ul>\r\n<li>Alice Cristina de Castro Nogueira</li>\r\n</ul>\r\n<p><strong>Formas de contato:</strong></p>\r\n<ul>\r\n<li>E-mail:\u00a0comunicacao@cacoal.ro.leg.br</li>\r\n<li>Telefone: (69) 9 9376-4400</li>\r\n</ul>\r\n</div>\r\n<div class=\"lgpd-right\">\r\n<div class=\"lgpd-callout\">Conhe\u00e7a os <strong><a class=\"external-link\" href=\"https://www.cacoal.ro.leg.br/politica-de-privacidade\" target=\"_self\" title=\"\">Termos de Uso</a></strong> e a <strong><a class=\"external-link\" href=\"https://www.cacoal.ro.leg.br/politica-de-privacidade\" target=\"_self\" title=\"\">Pol\u00edtica de Privacidade</a></strong> da C\u00e2mara de Cacoal</div>\r\n<table class=\"lgpd-table\">\r\n<thead>\r\n<tr><th colspan=\"2\">Links importantes para saber mais sobre a LGPD</th></tr>\r\n</thead>\r\n<tbody>\r\n<tr>\r\n<td>Respostas para as perguntas mais frequentes sobre a LGPD, no site da ANPD.</td>\r\n<td><a href=\"https://www.gov.br/anpd/pt-br/acesso-a-informacao/perguntas-frequentes-2013-anpd\" rel=\"noopener noreferrer\" target=\"_blank\"><strong>Clique aqui</strong></a></td>\r\n</tr>\r\n<tr>\r\n<td>Site da Autoridade Nacional de Prote\u00e7\u00e3o de Dados (ANPD)</td>\r\n<td><a href=\"https://www.gov.br/anpd/pt-br\" rel=\"noopener noreferrer\" target=\"_blank\"><strong>Clique aqui</strong></a></td>\r\n</tr>\r\n<tr>\r\n<td>\u00cdntegra da Lei Geral de Prote\u00e7\u00e3o de Dados Pessoais (LGPD)</td>\r\n<td><a class=\"external-link\" href=\"https://www.planalto.gov.br/ccivil_03/_ato2015-2018/2018/lei/l13709.htm\" rel=\"noopener noreferrer\" target=\"_blank\" title=\"\"><strong>Clique aqui</strong></a></td>\r\n</tr>\r\n<tr>\r\n<td>Resolu\u00e7\u00e3o 2/2025 - disp\u00f5e sobre a aplica\u00e7\u00e3o da LGPD no \u00e2mbito da C\u00e2mara de Cacoal\u00a0</td>\r\n<td><a class=\"external-link\" href=\"https://sapl.cacoal.ro.leg.br/media/sapl/public/normajuridica/2025/3490/resolucao_2-2025_-_cmc.pdf\" rel=\"noopener noreferrer\" target=\"_blank\" title=\"\"><strong>Clique aqui</strong></a></td>\r\n</tr>\r\n</tbody>\r\n</table>\r\n<div class=\"lgpd-video\"><iframe src=\"https://www.youtube.com/embed/5h_DDogXTfA?si=gPDy8ORlEayau6cr\" title=\"YouTube video player\" width=\"560\" height=\"315\" allowfullscreen=\"\" frameborder=\"0\" style=\"\"></iframe>\r\n<p>Saiba mais sobre a ANPD, neste material produzido em alus\u00e3o ao Dia Internacional da Prote\u00e7\u00e3o de Dados.</p>\r\n</div>\r\n</div>\r\n</div>", "author_name": "", "version": "1.0", "author_url": "https://www.cacoal.ro.leg.br/author/jean", "provider_name": "C\u00e2mara Municipal de Cacoal", "type": "rich"}